{"id":10190,"date":"2023-10-11T10:12:10","date_gmt":"2023-10-11T08:12:10","guid":{"rendered":"https:\/\/swissdigitalcenter.ch\/?p=10190"},"modified":"2023-10-11T10:12:12","modified_gmt":"2023-10-11T08:12:12","slug":"digital-valais-2023-antoine-widmer-presente-les-risques-et-opportunites-de-lia-pour-les-pme","status":"publish","type":"post","link":"https:\/\/swissdigitalcenter.ch\/fr\/news\/digital-valais-2023-antoine-widmer-presente-les-risques-et-opportunites-de-lia-pour-les-pme\/","title":{"rendered":"Digital Valais 2023 : Antoine Widmer pr\u00e9sente les risques et opportunit\u00e9s de l\u2019IA pour les PME"},"content":{"rendered":"\t\t<div data-elementor-type=\"wp-post\" data-elementor-id=\"10190\" class=\"elementor elementor-10190\" data-elementor-post-type=\"post\">\n\t\t\t\t\t\t<section class=\"elementor-section elementor-top-section elementor-element elementor-element-563fa6c elementor-section-boxed elementor-section-height-default elementor-section-height-default\" data-id=\"563fa6c\" data-element_type=\"section\" data-e-type=\"section\">\n\t\t\t\t\t\t<div class=\"elementor-container elementor-column-gap-default\">\n\t\t\t\t\t<div class=\"elementor-column elementor-col-100 elementor-top-column elementor-element elementor-element-a362276\" data-id=\"a362276\" data-element_type=\"column\" data-e-type=\"column\">\n\t\t\t<div class=\"elementor-widget-wrap elementor-element-populated\">\n\t\t\t\t\t\t<div class=\"elementor-element elementor-element-d14e686 elementor-widget elementor-widget-text-editor\" data-id=\"d14e686\" data-element_type=\"widget\" data-e-type=\"widget\" data-widget_type=\"text-editor.default\">\n\t\t\t\t<div class=\"elementor-widget-container\">\n\t\t\t\t\t\t\t\t\t<p><strong>L<\/strong><b>e vendredi 6 octobre, dans le cadre de la Foire du Valais, Swisscom a organis\u00e9 l\u2019\u00e9v\u00e9nement Digital Valais 2023. Il s\u2019agissait de parler des risques et opportunit\u00e9s li\u00e9es \u00e0 l\u2019intelligence artificielle dans l\u2019int\u00e9gration de nouveaux outils tels que ChatGPT au sein des PME. L\u2019\u00e9v\u00e9nement a d\u2019ailleurs \u00e9t\u00e9 introduit par l\u2019avatar d\u2019Emmanuelle Badu, Directrice PME Suisse romande de Swisscom.<\/b><\/p><p><b>Cette technologie, r\u00e9serv\u00e9e aux chercheur-euses il y a encore quelques ann\u00e9es, est aujourd\u2019hui pr\u00e9sente dans les applications web et mobiles grand public et accessibles par toutes et tous. D\u00e8s lors, comment les PME peuvent-elles les int\u00e9grer \u00e0 leurs activit\u00e9s pour apporter une valeur ajout\u00e9e \u00e0 leurs client-es ou rendre leurs processus m\u00e9tier plus efficients ? Voici les questions auxquelles Emma Lejal Glaude, AI Innovation Product Manager chez Swisscom, Anouch Seydtaghia, journaliste au Temps, sp\u00e9cialis\u00e9 en technologie et <a href=\"https:\/\/www.linkedin.com\/in\/antoine-widmer-81178672\/\" target=\"_blank\" rel=\"noopener\">Antoine Widmer<\/a>, Professeur \u00e0 l\u2019Institut Informatique de la HES-SO Valais\/Wallis ont tent\u00e9 de r\u00e9pondre.<\/b><\/p><p><b>\u00a0<\/b><\/p><h3>L&rsquo;IA pour les PME, dangers et opportunit\u00e9s<\/h3><p>Apr\u00e8s un bref historique de l\u2019\u00e9volution technologique depuis le machine learning (algorithme auquel des donn\u00e9es sont int\u00e9gr\u00e9es), en passant par le deep learning (algorithme autoapprenant) et jusqu\u2019\u00e0 l\u2019IA g\u00e9n\u00e9rative (algorithme analysant les donn\u00e9es pour en g\u00e9n\u00e9rer de nouvelles), Emma Lejal Glaude a fait remarquer que cette technologie ne remplacerait pas les humains, mais pourrait mener les entreprises \u00e0 remplacer les employ\u00e9-es par des personnes ma\u00eetrisant ces outils. Il est ainsi primordial d\u2019apprendre comment r\u00e9diger un prompt (consignes transmises \u00e0 une IA g\u00e9n\u00e9rative pour qu\u2019elle g\u00e9n\u00e8re une r\u00e9ponse). Ainsi, le prompt engineering devient une comp\u00e9tence nouvelle dans le monde du travail.<\/p><p>Le journaliste Anouch Seydtaghia qui travaille pour Le Temps a pass\u00e9 en revue les avantages et les risques encourus par les PME. Il existe ainsi de nombreux d\u00e9fis, comme celui de comprendre un environnement multidirectionnel et changeant. Il s\u2019av\u00e8re \u00e9galement que l\u2019IA g\u00e9n\u00e9rative n\u2019excelle pas dans la v\u00e9rification des faits et que les utilisateur-trices ne doivent pas n\u00e9gliger les corrections \u00e0 apporter aux contenus propos\u00e9s par les algorithmes. Ces technologies sont sans doute tr\u00e8s utiles pour trouver l\u2019inspiration lors d\u2019un brainstorming, proposer des r\u00e9sum\u00e9s de rapports, cr\u00e9er des business plans ou effectuer une veille concurrentielle, mais il faut garder \u00e0 l\u2019esprit que les biais existants dans nos soci\u00e9t\u00e9s sont amplifi\u00e9s par la machine.<\/p><p>Le Professeur Antoine Widmer a ensuite expos\u00e9 les travaux de recherche conduits \u00e0 l\u2019institut informatique de la HES-SO Valais-Wallis. Il a insist\u00e9 sur le fait que la fili\u00e8re informatique de gestion forme des jeunes \u00e0 ces nouvelles technologies afin que leurs comp\u00e9tences et connaissances soient \u00e0 jour. Ce type d\u2019outils permet certainement de gagner du temps dans le domaine de la recherche, mais ne repr\u00e9sente pas une r\u00e9volution. En effet, ces mod\u00e8les d\u2019IA g\u00e9n\u00e9rative ne s\u2019int\u00e9ressent pas la v\u00e9racit\u00e9 des faits ; ce sont des mod\u00e8les statistiques math\u00e9matiques qui privil\u00e9gient la coh\u00e9rence du contenu et pour ce faire, peuvent g\u00e9n\u00e9rer du contenu erron\u00e9. Toutefois, il existe de nombreux cas d\u2019usage qui permettent de tirer parti de ces technologies. Le secteur de la location touristique pourrait b\u00e9n\u00e9ficier d\u2019un agent conversationnel qui r\u00e9pond aux client-es ; les apprenti-es de l\u2019Oriph ont vu leur chemin d\u2019apprentissage personnalis\u00e9 et la g\u00e9n\u00e9ration d\u2019exercices automatis\u00e9e dans un environnement de r\u00e9alit\u00e9 virtuelle. La soci\u00e9t\u00e9 STA collabore avec l\u2019institut pour la mise en place d\u2019une IA pr\u00e9dictive destin\u00e9e \u00e0 pr\u00e9venir les pannes des installations de remont\u00e9es m\u00e9caniques. La soci\u00e9t\u00e9 B\u00fchler a collabor\u00e9 avec l\u2019institut pour la mise en place de Totalsense.ia afin de d\u00e9tecter les grains de riz cass\u00e9s qui seront r\u00e9assembl\u00e9s pour la revente. Enfin, Fishlab a pour but de contribuer au d\u00e9veloppement et \u00e0 la protection de la faune piscicole dans des environnements utilis\u00e9s notamment pour la production d\u2019\u00e9lectricit\u00e9 gr\u00e2ce \u00e0 un monitorage non invasif, pr\u00e9cis et en temps r\u00e9el de la faune. Le soutien \u00e0 l\u2019innovation en Valais et en Suisse (<a href=\"https:\/\/www.innosuisse.ch\/inno\/fr\/home.html\" target=\"_blank\" rel=\"noopener\">InnoSuisse<\/a>, <a href=\"https:\/\/www.theark.ch\/fr\/\" target=\"_blank\" rel=\"noopener\">The Ark<\/a>, <a href=\"https:\/\/www.cimark.ch\/\" target=\"_blank\" rel=\"noopener\">CimArk<\/a>) permet aux PME de tester des id\u00e9es en travaillant avec les chercheur-euses de l\u2019Institut informatique \u00e0 Sierre.<\/p><p>\u00a0<\/p><h3>Int\u00e9grer l&rsquo;IA g\u00e9n\u00e9rative dans les processus m\u00e9tier<\/h3><p>Finalement, les soci\u00e9t\u00e9s 3D2cut et Virtuosis ont pr\u00e9sent\u00e9 leurs mod\u00e8les d\u2019affaires int\u00e9grant l\u2019intelligence artificielle, respectivement pour am\u00e9liorer la coupe de la vigne et la mesure du bien-\u00eatre des employ\u00e9-es gr\u00e2ce \u00e0 l\u2019analyse de la voix.<\/p><p>Cette journ\u00e9e riche en enseignements et en partages d\u2019exp\u00e9riences a mis en lumi\u00e8re les avantages de l\u2019IA g\u00e9n\u00e9rative pour les PME tout en discutant des risques inh\u00e9rents. Les entreprises pourraient d\u00e9velopper leurs propres syst\u00e8mes gr\u00e2ce \u00e0 une collaboration avec des instituts de recherche et financ\u00e9e par les fonds tels qu\u2019Innosuisse. En attendant des r\u00e9gulations au niveau mondial, les algorithmes ainsi d\u00e9velopp\u00e9s permettraient d\u2019\u00e9viter la fuite de donn\u00e9es ou les fausses nouvelles qui se propagent \u00e0 la vitesse des r\u00e9seaux sociaux.<\/p><p><a href=\"https:\/\/www.rhonefm.ch\/valais\/doit-on-forcement-utiliser-l-intelligence-artificielle-au-travail--96075\" target=\"_blank\" rel=\"noopener\">Ecoutez Antoine Widmer sur Rh\u00f4ne FM<\/a><\/p>\t\t\t\t\t\t\t\t<\/div>\n\t\t\t\t<\/div>\n\t\t\t\t\t<\/div>\n\t\t<\/div>\n\t\t\t\t\t<\/div>\n\t\t<\/section>\n\t\t\t\t<\/div>\n\t\t","protected":false},"excerpt":{"rendered":"<p>Le vendredi 6 octobre, dans le cadre de la Foire du Valais, Swisscom a organis\u00e9 l\u2019\u00e9v\u00e9nement Digital Valais 2023. Il s\u2019agissait de parler des risques et opportunit\u00e9s li\u00e9es \u00e0 l\u2019intelligence artificielle dans l\u2019int\u00e9gration de nouveaux outils tels que ChatGPT au sein des PME. L\u2019\u00e9v\u00e9nement a d\u2019ailleurs \u00e9t\u00e9 introduit par l\u2019avatar d\u2019Emmanuelle Badu, Directrice PME Suisse [&hellip;]<\/p>\n","protected":false},"author":13,"featured_media":10199,"comment_status":"closed","ping_status":"open","sticky":false,"template":"","format":"standard","meta":{"_acf_changed":false,"footnotes":""},"categories":[1],"tags":[],"class_list":["post-10190","post","type-post","status-publish","format-standard","has-post-thumbnail","hentry","category-news"],"acf":[],"yoast_head":"<!-- This site is optimized with the Yoast SEO plugin v27.4 - https:\/\/yoast.com\/product\/yoast-seo-wordpress\/ -->\n<title>Digital Valais 2023 : Antoine Widmer pr\u00e9sente les risques et opportunit\u00e9s de l\u2019IA pour les PME &#8211; Swiss Digital Center<\/title>\n<meta name=\"description\" content=\"Digital Valais 2023 - Foire du Valais : Antoine Widmer pr\u00e9sente les risques et opportunit\u00e9s de l\u2019IA pour les PME\" \/>\n<meta name=\"robots\" content=\"index, follow, max-snippet:-1, max-image-preview:large, max-video-preview:-1\" \/>\n<link rel=\"canonical\" href=\"https:\/\/swissdigitalcenter.ch\/fr\/news\/digital-valais-2023-antoine-widmer-presente-les-risques-et-opportunites-de-lia-pour-les-pme\/\" \/>\n<meta property=\"og:locale\" content=\"fr_FR\" \/>\n<meta property=\"og:type\" content=\"article\" \/>\n<meta property=\"og:title\" content=\"Digital Valais 2023 : Antoine Widmer pr\u00e9sente les risques et opportunit\u00e9s de l\u2019IA pour les PME &#8211; Swiss Digital Center\" \/>\n<meta property=\"og:description\" content=\"Digital Valais 2023 - Foire du Valais : Antoine Widmer pr\u00e9sente les risques et opportunit\u00e9s de l\u2019IA pour les PME\" \/>\n<meta property=\"og:url\" content=\"https:\/\/swissdigitalcenter.ch\/fr\/news\/digital-valais-2023-antoine-widmer-presente-les-risques-et-opportunites-de-lia-pour-les-pme\/\" \/>\n<meta property=\"og:site_name\" content=\"Swiss Digital Center\" \/>\n<meta property=\"article:publisher\" content=\"https:\/\/www.facebook.com\/TechnoPoleDeSierre\" \/>\n<meta property=\"article:published_time\" content=\"2023-10-11T08:12:10+00:00\" \/>\n<meta property=\"article:modified_time\" content=\"2023-10-11T08:12:12+00:00\" \/>\n<meta property=\"og:image\" content=\"https:\/\/swissdigitalcenter.ch\/wp-content\/uploads\/2023\/10\/digital-valais.jpg\" \/>\n\t<meta property=\"og:image:width\" content=\"2048\" \/>\n\t<meta property=\"og:image:height\" content=\"1365\" \/>\n\t<meta property=\"og:image:type\" content=\"image\/jpeg\" \/>\n<meta name=\"author\" content=\"swissdigitalcenter\" \/>\n<meta name=\"twitter:card\" content=\"summary_large_image\" \/>\n<meta name=\"twitter:creator\" content=\"@tpolesierre\" \/>\n<meta name=\"twitter:site\" content=\"@tpolesierre\" \/>\n<meta name=\"twitter:label1\" content=\"\u00c9crit par\" \/>\n\t<meta name=\"twitter:data1\" content=\"swissdigitalcenter\" \/>\n\t<meta name=\"twitter:label2\" content=\"Dur\u00e9e de lecture estim\u00e9e\" \/>\n\t<meta name=\"twitter:data2\" content=\"4 minutes\" \/>\n<script type=\"application\/ld+json\" class=\"yoast-schema-graph\">{\"@context\":\"https:\\\/\\\/schema.org\",\"@graph\":[{\"@type\":[\"Article\",\"BlogPosting\"],\"@id\":\"https:\\\/\\\/swissdigitalcenter.ch\\\/fr\\\/news\\\/digital-valais-2023-antoine-widmer-presente-les-risques-et-opportunites-de-lia-pour-les-pme\\\/#article\",\"isPartOf\":{\"@id\":\"https:\\\/\\\/swissdigitalcenter.ch\\\/fr\\\/news\\\/digital-valais-2023-antoine-widmer-presente-les-risques-et-opportunites-de-lia-pour-les-pme\\\/\"},\"author\":{\"name\":\"swissdigitalcenter\",\"@id\":\"https:\\\/\\\/swissdigitalcenter.ch\\\/fr\\\/#\\\/schema\\\/person\\\/549d5749319458b83509064648b2242e\"},\"headline\":\"Digital Valais 2023 : Antoine Widmer pr\u00e9sente les risques et opportunit\u00e9s de l\u2019IA pour les PME\",\"datePublished\":\"2023-10-11T08:12:10+00:00\",\"dateModified\":\"2023-10-11T08:12:12+00:00\",\"mainEntityOfPage\":{\"@id\":\"https:\\\/\\\/swissdigitalcenter.ch\\\/fr\\\/news\\\/digital-valais-2023-antoine-widmer-presente-les-risques-et-opportunites-de-lia-pour-les-pme\\\/\"},\"wordCount\":933,\"publisher\":{\"@id\":\"https:\\\/\\\/swissdigitalcenter.ch\\\/fr\\\/#organization\"},\"image\":{\"@id\":\"https:\\\/\\\/swissdigitalcenter.ch\\\/fr\\\/news\\\/digital-valais-2023-antoine-widmer-presente-les-risques-et-opportunites-de-lia-pour-les-pme\\\/#primaryimage\"},\"thumbnailUrl\":\"https:\\\/\\\/swissdigitalcenter.ch\\\/wp-content\\\/uploads\\\/2023\\\/10\\\/digital-valais.jpg\",\"articleSection\":[\"News\"],\"inLanguage\":\"fr-FR\"},{\"@type\":\"WebPage\",\"@id\":\"https:\\\/\\\/swissdigitalcenter.ch\\\/fr\\\/news\\\/digital-valais-2023-antoine-widmer-presente-les-risques-et-opportunites-de-lia-pour-les-pme\\\/\",\"url\":\"https:\\\/\\\/swissdigitalcenter.ch\\\/fr\\\/news\\\/digital-valais-2023-antoine-widmer-presente-les-risques-et-opportunites-de-lia-pour-les-pme\\\/\",\"name\":\"Digital Valais 2023 : Antoine Widmer pr\u00e9sente les risques et opportunit\u00e9s de l\u2019IA pour les PME &#8211; Swiss Digital Center\",\"isPartOf\":{\"@id\":\"https:\\\/\\\/swissdigitalcenter.ch\\\/fr\\\/#website\"},\"primaryImageOfPage\":{\"@id\":\"https:\\\/\\\/swissdigitalcenter.ch\\\/fr\\\/news\\\/digital-valais-2023-antoine-widmer-presente-les-risques-et-opportunites-de-lia-pour-les-pme\\\/#primaryimage\"},\"image\":{\"@id\":\"https:\\\/\\\/swissdigitalcenter.ch\\\/fr\\\/news\\\/digital-valais-2023-antoine-widmer-presente-les-risques-et-opportunites-de-lia-pour-les-pme\\\/#primaryimage\"},\"thumbnailUrl\":\"https:\\\/\\\/swissdigitalcenter.ch\\\/wp-content\\\/uploads\\\/2023\\\/10\\\/digital-valais.jpg\",\"datePublished\":\"2023-10-11T08:12:10+00:00\",\"dateModified\":\"2023-10-11T08:12:12+00:00\",\"description\":\"Digital Valais 2023 - Foire du Valais : Antoine Widmer pr\u00e9sente les risques et opportunit\u00e9s de l\u2019IA pour les PME\",\"breadcrumb\":{\"@id\":\"https:\\\/\\\/swissdigitalcenter.ch\\\/fr\\\/news\\\/digital-valais-2023-antoine-widmer-presente-les-risques-et-opportunites-de-lia-pour-les-pme\\\/#breadcrumb\"},\"inLanguage\":\"fr-FR\",\"potentialAction\":[{\"@type\":\"ReadAction\",\"target\":[\"https:\\\/\\\/swissdigitalcenter.ch\\\/fr\\\/news\\\/digital-valais-2023-antoine-widmer-presente-les-risques-et-opportunites-de-lia-pour-les-pme\\\/\"]}]},{\"@type\":\"ImageObject\",\"inLanguage\":\"fr-FR\",\"@id\":\"https:\\\/\\\/swissdigitalcenter.ch\\\/fr\\\/news\\\/digital-valais-2023-antoine-widmer-presente-les-risques-et-opportunites-de-lia-pour-les-pme\\\/#primaryimage\",\"url\":\"https:\\\/\\\/swissdigitalcenter.ch\\\/wp-content\\\/uploads\\\/2023\\\/10\\\/digital-valais.jpg\",\"contentUrl\":\"https:\\\/\\\/swissdigitalcenter.ch\\\/wp-content\\\/uploads\\\/2023\\\/10\\\/digital-valais.jpg\",\"width\":2048,\"height\":1365},{\"@type\":\"BreadcrumbList\",\"@id\":\"https:\\\/\\\/swissdigitalcenter.ch\\\/fr\\\/news\\\/digital-valais-2023-antoine-widmer-presente-les-risques-et-opportunites-de-lia-pour-les-pme\\\/#breadcrumb\",\"itemListElement\":[{\"@type\":\"ListItem\",\"position\":1,\"name\":\"Home\",\"item\":\"https:\\\/\\\/swissdigitalcenter.ch\\\/fr\\\/\"},{\"@type\":\"ListItem\",\"position\":2,\"name\":\"News\",\"item\":\"https:\\\/\\\/swissdigitalcenter.ch\\\/fr\\\/category\\\/news\\\/\"},{\"@type\":\"ListItem\",\"position\":3,\"name\":\"Digital Valais 2023 : Antoine Widmer pr\u00e9sente les risques et opportunit\u00e9s de l\u2019IA pour les PME\"}]},{\"@type\":\"WebSite\",\"@id\":\"https:\\\/\\\/swissdigitalcenter.ch\\\/fr\\\/#website\",\"url\":\"https:\\\/\\\/swissdigitalcenter.ch\\\/fr\\\/\",\"name\":\"Swiss Digital Center\",\"description\":\"La digitalisation au c\u0153ur des Alpes\",\"publisher\":{\"@id\":\"https:\\\/\\\/swissdigitalcenter.ch\\\/fr\\\/#organization\"},\"potentialAction\":[{\"@type\":\"SearchAction\",\"target\":{\"@type\":\"EntryPoint\",\"urlTemplate\":\"https:\\\/\\\/swissdigitalcenter.ch\\\/fr\\\/?s={search_term_string}\"},\"query-input\":{\"@type\":\"PropertyValueSpecification\",\"valueRequired\":true,\"valueName\":\"search_term_string\"}}],\"inLanguage\":\"fr-FR\"},{\"@type\":\"Organization\",\"@id\":\"https:\\\/\\\/swissdigitalcenter.ch\\\/fr\\\/#organization\",\"name\":\"Swiss Digital Center\",\"url\":\"https:\\\/\\\/swissdigitalcenter.ch\\\/fr\\\/\",\"logo\":{\"@type\":\"ImageObject\",\"inLanguage\":\"fr-FR\",\"@id\":\"https:\\\/\\\/swissdigitalcenter.ch\\\/fr\\\/#\\\/schema\\\/logo\\\/image\\\/\",\"url\":\"https:\\\/\\\/swissdigitalcenter.ch\\\/wp-content\\\/uploads\\\/2020\\\/07\\\/favicon-1.png\",\"contentUrl\":\"https:\\\/\\\/swissdigitalcenter.ch\\\/wp-content\\\/uploads\\\/2020\\\/07\\\/favicon-1.png\",\"width\":512,\"height\":512,\"caption\":\"Swiss Digital Center\"},\"image\":{\"@id\":\"https:\\\/\\\/swissdigitalcenter.ch\\\/fr\\\/#\\\/schema\\\/logo\\\/image\\\/\"},\"sameAs\":[\"https:\\\/\\\/www.facebook.com\\\/TechnoPoleDeSierre\",\"https:\\\/\\\/x.com\\\/tpolesierre\"]},{\"@type\":\"Person\",\"@id\":\"https:\\\/\\\/swissdigitalcenter.ch\\\/fr\\\/#\\\/schema\\\/person\\\/549d5749319458b83509064648b2242e\",\"name\":\"swissdigitalcenter\",\"image\":{\"@type\":\"ImageObject\",\"inLanguage\":\"fr-FR\",\"@id\":\"https:\\\/\\\/secure.gravatar.com\\\/avatar\\\/4791eafe5719edf526191026a6a109efc968e1027c74dab1dc097206cecde43e?s=96&d=mm&r=g\",\"url\":\"https:\\\/\\\/secure.gravatar.com\\\/avatar\\\/4791eafe5719edf526191026a6a109efc968e1027c74dab1dc097206cecde43e?s=96&d=mm&r=g\",\"contentUrl\":\"https:\\\/\\\/secure.gravatar.com\\\/avatar\\\/4791eafe5719edf526191026a6a109efc968e1027c74dab1dc097206cecde43e?s=96&d=mm&r=g\",\"caption\":\"swissdigitalcenter\"}}]}<\/script>\n<!-- \/ Yoast SEO plugin. -->","yoast_head_json":{"title":"Digital Valais 2023 : Antoine Widmer pr\u00e9sente les risques et opportunit\u00e9s de l\u2019IA pour les PME &#8211; Swiss Digital Center","description":"Digital Valais 2023 - Foire du Valais : Antoine Widmer pr\u00e9sente les risques et opportunit\u00e9s de l\u2019IA pour les PME","robots":{"index":"index","follow":"follow","max-snippet":"max-snippet:-1","max-image-preview":"max-image-preview:large","max-video-preview":"max-video-preview:-1"},"canonical":"https:\/\/swissdigitalcenter.ch\/fr\/news\/digital-valais-2023-antoine-widmer-presente-les-risques-et-opportunites-de-lia-pour-les-pme\/","og_locale":"fr_FR","og_type":"article","og_title":"Digital Valais 2023 : Antoine Widmer pr\u00e9sente les risques et opportunit\u00e9s de l\u2019IA pour les PME &#8211; Swiss Digital Center","og_description":"Digital Valais 2023 - Foire du Valais : Antoine Widmer pr\u00e9sente les risques et opportunit\u00e9s de l\u2019IA pour les PME","og_url":"https:\/\/swissdigitalcenter.ch\/fr\/news\/digital-valais-2023-antoine-widmer-presente-les-risques-et-opportunites-de-lia-pour-les-pme\/","og_site_name":"Swiss Digital Center","article_publisher":"https:\/\/www.facebook.com\/TechnoPoleDeSierre","article_published_time":"2023-10-11T08:12:10+00:00","article_modified_time":"2023-10-11T08:12:12+00:00","og_image":[{"width":2048,"height":1365,"url":"https:\/\/swissdigitalcenter.ch\/wp-content\/uploads\/2023\/10\/digital-valais.jpg","type":"image\/jpeg"}],"author":"swissdigitalcenter","twitter_card":"summary_large_image","twitter_creator":"@tpolesierre","twitter_site":"@tpolesierre","twitter_misc":{"\u00c9crit par":"swissdigitalcenter","Dur\u00e9e de lecture estim\u00e9e":"4 minutes"},"schema":{"@context":"https:\/\/schema.org","@graph":[{"@type":["Article","BlogPosting"],"@id":"https:\/\/swissdigitalcenter.ch\/fr\/news\/digital-valais-2023-antoine-widmer-presente-les-risques-et-opportunites-de-lia-pour-les-pme\/#article","isPartOf":{"@id":"https:\/\/swissdigitalcenter.ch\/fr\/news\/digital-valais-2023-antoine-widmer-presente-les-risques-et-opportunites-de-lia-pour-les-pme\/"},"author":{"name":"swissdigitalcenter","@id":"https:\/\/swissdigitalcenter.ch\/fr\/#\/schema\/person\/549d5749319458b83509064648b2242e"},"headline":"Digital Valais 2023 : Antoine Widmer pr\u00e9sente les risques et opportunit\u00e9s de l\u2019IA pour les PME","datePublished":"2023-10-11T08:12:10+00:00","dateModified":"2023-10-11T08:12:12+00:00","mainEntityOfPage":{"@id":"https:\/\/swissdigitalcenter.ch\/fr\/news\/digital-valais-2023-antoine-widmer-presente-les-risques-et-opportunites-de-lia-pour-les-pme\/"},"wordCount":933,"publisher":{"@id":"https:\/\/swissdigitalcenter.ch\/fr\/#organization"},"image":{"@id":"https:\/\/swissdigitalcenter.ch\/fr\/news\/digital-valais-2023-antoine-widmer-presente-les-risques-et-opportunites-de-lia-pour-les-pme\/#primaryimage"},"thumbnailUrl":"https:\/\/swissdigitalcenter.ch\/wp-content\/uploads\/2023\/10\/digital-valais.jpg","articleSection":["News"],"inLanguage":"fr-FR"},{"@type":"WebPage","@id":"https:\/\/swissdigitalcenter.ch\/fr\/news\/digital-valais-2023-antoine-widmer-presente-les-risques-et-opportunites-de-lia-pour-les-pme\/","url":"https:\/\/swissdigitalcenter.ch\/fr\/news\/digital-valais-2023-antoine-widmer-presente-les-risques-et-opportunites-de-lia-pour-les-pme\/","name":"Digital Valais 2023 : Antoine Widmer pr\u00e9sente les risques et opportunit\u00e9s de l\u2019IA pour les PME &#8211; Swiss Digital Center","isPartOf":{"@id":"https:\/\/swissdigitalcenter.ch\/fr\/#website"},"primaryImageOfPage":{"@id":"https:\/\/swissdigitalcenter.ch\/fr\/news\/digital-valais-2023-antoine-widmer-presente-les-risques-et-opportunites-de-lia-pour-les-pme\/#primaryimage"},"image":{"@id":"https:\/\/swissdigitalcenter.ch\/fr\/news\/digital-valais-2023-antoine-widmer-presente-les-risques-et-opportunites-de-lia-pour-les-pme\/#primaryimage"},"thumbnailUrl":"https:\/\/swissdigitalcenter.ch\/wp-content\/uploads\/2023\/10\/digital-valais.jpg","datePublished":"2023-10-11T08:12:10+00:00","dateModified":"2023-10-11T08:12:12+00:00","description":"Digital Valais 2023 - Foire du Valais : Antoine Widmer pr\u00e9sente les risques et opportunit\u00e9s de l\u2019IA pour les PME","breadcrumb":{"@id":"https:\/\/swissdigitalcenter.ch\/fr\/news\/digital-valais-2023-antoine-widmer-presente-les-risques-et-opportunites-de-lia-pour-les-pme\/#breadcrumb"},"inLanguage":"fr-FR","potentialAction":[{"@type":"ReadAction","target":["https:\/\/swissdigitalcenter.ch\/fr\/news\/digital-valais-2023-antoine-widmer-presente-les-risques-et-opportunites-de-lia-pour-les-pme\/"]}]},{"@type":"ImageObject","inLanguage":"fr-FR","@id":"https:\/\/swissdigitalcenter.ch\/fr\/news\/digital-valais-2023-antoine-widmer-presente-les-risques-et-opportunites-de-lia-pour-les-pme\/#primaryimage","url":"https:\/\/swissdigitalcenter.ch\/wp-content\/uploads\/2023\/10\/digital-valais.jpg","contentUrl":"https:\/\/swissdigitalcenter.ch\/wp-content\/uploads\/2023\/10\/digital-valais.jpg","width":2048,"height":1365},{"@type":"BreadcrumbList","@id":"https:\/\/swissdigitalcenter.ch\/fr\/news\/digital-valais-2023-antoine-widmer-presente-les-risques-et-opportunites-de-lia-pour-les-pme\/#breadcrumb","itemListElement":[{"@type":"ListItem","position":1,"name":"Home","item":"https:\/\/swissdigitalcenter.ch\/fr\/"},{"@type":"ListItem","position":2,"name":"News","item":"https:\/\/swissdigitalcenter.ch\/fr\/category\/news\/"},{"@type":"ListItem","position":3,"name":"Digital Valais 2023 : Antoine Widmer pr\u00e9sente les risques et opportunit\u00e9s de l\u2019IA pour les PME"}]},{"@type":"WebSite","@id":"https:\/\/swissdigitalcenter.ch\/fr\/#website","url":"https:\/\/swissdigitalcenter.ch\/fr\/","name":"Swiss Digital Center","description":"La digitalisation au c\u0153ur des Alpes","publisher":{"@id":"https:\/\/swissdigitalcenter.ch\/fr\/#organization"},"potentialAction":[{"@type":"SearchAction","target":{"@type":"EntryPoint","urlTemplate":"https:\/\/swissdigitalcenter.ch\/fr\/?s={search_term_string}"},"query-input":{"@type":"PropertyValueSpecification","valueRequired":true,"valueName":"search_term_string"}}],"inLanguage":"fr-FR"},{"@type":"Organization","@id":"https:\/\/swissdigitalcenter.ch\/fr\/#organization","name":"Swiss Digital Center","url":"https:\/\/swissdigitalcenter.ch\/fr\/","logo":{"@type":"ImageObject","inLanguage":"fr-FR","@id":"https:\/\/swissdigitalcenter.ch\/fr\/#\/schema\/logo\/image\/","url":"https:\/\/swissdigitalcenter.ch\/wp-content\/uploads\/2020\/07\/favicon-1.png","contentUrl":"https:\/\/swissdigitalcenter.ch\/wp-content\/uploads\/2020\/07\/favicon-1.png","width":512,"height":512,"caption":"Swiss Digital Center"},"image":{"@id":"https:\/\/swissdigitalcenter.ch\/fr\/#\/schema\/logo\/image\/"},"sameAs":["https:\/\/www.facebook.com\/TechnoPoleDeSierre","https:\/\/x.com\/tpolesierre"]},{"@type":"Person","@id":"https:\/\/swissdigitalcenter.ch\/fr\/#\/schema\/person\/549d5749319458b83509064648b2242e","name":"swissdigitalcenter","image":{"@type":"ImageObject","inLanguage":"fr-FR","@id":"https:\/\/secure.gravatar.com\/avatar\/4791eafe5719edf526191026a6a109efc968e1027c74dab1dc097206cecde43e?s=96&d=mm&r=g","url":"https:\/\/secure.gravatar.com\/avatar\/4791eafe5719edf526191026a6a109efc968e1027c74dab1dc097206cecde43e?s=96&d=mm&r=g","contentUrl":"https:\/\/secure.gravatar.com\/avatar\/4791eafe5719edf526191026a6a109efc968e1027c74dab1dc097206cecde43e?s=96&d=mm&r=g","caption":"swissdigitalcenter"}}]}},"_links":{"self":[{"href":"https:\/\/swissdigitalcenter.ch\/fr\/wp-json\/wp\/v2\/posts\/10190","targetHints":{"allow":["GET"]}}],"collection":[{"href":"https:\/\/swissdigitalcenter.ch\/fr\/wp-json\/wp\/v2\/posts"}],"about":[{"href":"https:\/\/swissdigitalcenter.ch\/fr\/wp-json\/wp\/v2\/types\/post"}],"author":[{"embeddable":true,"href":"https:\/\/swissdigitalcenter.ch\/fr\/wp-json\/wp\/v2\/users\/13"}],"replies":[{"embeddable":true,"href":"https:\/\/swissdigitalcenter.ch\/fr\/wp-json\/wp\/v2\/comments?post=10190"}],"version-history":[{"count":9,"href":"https:\/\/swissdigitalcenter.ch\/fr\/wp-json\/wp\/v2\/posts\/10190\/revisions"}],"predecessor-version":[{"id":10202,"href":"https:\/\/swissdigitalcenter.ch\/fr\/wp-json\/wp\/v2\/posts\/10190\/revisions\/10202"}],"wp:featuredmedia":[{"embeddable":true,"href":"https:\/\/swissdigitalcenter.ch\/fr\/wp-json\/wp\/v2\/media\/10199"}],"wp:attachment":[{"href":"https:\/\/swissdigitalcenter.ch\/fr\/wp-json\/wp\/v2\/media?parent=10190"}],"wp:term":[{"taxonomy":"category","embeddable":true,"href":"https:\/\/swissdigitalcenter.ch\/fr\/wp-json\/wp\/v2\/categories?post=10190"},{"taxonomy":"post_tag","embeddable":true,"href":"https:\/\/swissdigitalcenter.ch\/fr\/wp-json\/wp\/v2\/tags?post=10190"}],"curies":[{"name":"wp","href":"https:\/\/api.w.org\/{rel}","templated":true}]}}