{"id":11067,"date":"2024-02-28T08:59:56","date_gmt":"2024-02-28T07:59:56","guid":{"rendered":"https:\/\/swissdigitalcenter.ch\/?p=11067"},"modified":"2024-02-28T17:50:30","modified_gmt":"2024-02-28T16:50:30","slug":"premiere-edition-des-digital-series-27-mars-2024","status":"publish","type":"post","link":"https:\/\/swissdigitalcenter.ch\/fr\/news\/premiere-edition-des-digital-series-27-mars-2024\/","title":{"rendered":"Premi\u00e8re \u00e9dition des Digital Series &#8211; 27 mars 2024"},"content":{"rendered":"\t\t<div data-elementor-type=\"wp-post\" data-elementor-id=\"11067\" class=\"elementor elementor-11067\" data-elementor-post-type=\"post\">\n\t\t\t\t\t\t<section class=\"elementor-section elementor-top-section elementor-element elementor-element-7e17368 elementor-section-boxed elementor-section-height-default elementor-section-height-default\" data-id=\"7e17368\" data-element_type=\"section\" data-e-type=\"section\">\n\t\t\t\t\t\t<div class=\"elementor-container elementor-column-gap-default\">\n\t\t\t\t\t<div class=\"elementor-column elementor-col-100 elementor-top-column elementor-element elementor-element-27e5375\" data-id=\"27e5375\" data-element_type=\"column\" data-e-type=\"column\">\n\t\t\t<div class=\"elementor-widget-wrap elementor-element-populated\">\n\t\t\t\t\t\t<div class=\"elementor-element elementor-element-8f61f79 elementor-widget elementor-widget-text-editor\" data-id=\"8f61f79\" data-element_type=\"widget\" data-e-type=\"widget\" data-widget_type=\"text-editor.default\">\n\t\t\t\t<div class=\"elementor-widget-container\">\n\t\t\t\t\t\t\t\t\t<p><span style=\"color: var( --e-global-color-primary ); font-family: var( --e-global-typography-text-font-family ), Sans-serif; font-size: var( --e-global-typography-text-font-size ); font-weight: var( --e-global-typography-text-font-weight );\">Participez \u00e0 la premi\u00e8re \u00ab&nbsp;<\/span><strong style=\"color: var( --e-global-color-primary ); font-family: var( --e-global-typography-text-font-family ), Sans-serif; font-size: var( --e-global-typography-text-font-size );\">Digital Series<\/strong><span style=\"color: var( --e-global-color-primary ); font-family: var( --e-global-typography-text-font-family ), Sans-serif; font-size: var( --e-global-typography-text-font-size ); font-weight: var( --e-global-typography-text-font-weight );\">&nbsp;\u00bb le mercredi 27 mars prochain organis\u00e9 par le&nbsp;<\/span><a style=\"font-family: var( --e-global-typography-text-font-family ), Sans-serif; font-size: var( --e-global-typography-text-font-size ); font-weight: var( --e-global-typography-text-font-weight );\" href=\"https:\/\/swissdigitalcenter.ch\/\" target=\"_blank\" rel=\"noopener\">Swiss Digital Center<\/a><span style=\"color: var( --e-global-color-primary ); font-family: var( --e-global-typography-text-font-family ), Sans-serif; font-size: var( --e-global-typography-text-font-size ); font-weight: var( --e-global-typography-text-font-weight );\">, la <\/span><a style=\"font-family: var( --e-global-typography-text-font-family ), Sans-serif; font-size: var( --e-global-typography-text-font-size ); font-weight: var( --e-global-typography-text-font-weight );\" href=\"https:\/\/www.theark.ch\/fr\/\" target=\"_blank\" rel=\"noopener\">Fondation The Ark<\/a><span style=\"color: var( --e-global-color-primary ); font-family: var( --e-global-typography-text-font-family ), Sans-serif; font-size: var( --e-global-typography-text-font-size ); font-weight: var( --e-global-typography-text-font-weight );\">&nbsp;et leur partenaire la <\/span><a style=\"font-family: var( --e-global-typography-text-font-family ), Sans-serif; font-size: var( --e-global-typography-text-font-size ); font-weight: var( --e-global-typography-text-font-weight );\" href=\"https:\/\/www.cci-valais.ch\/\" target=\"_blank\" rel=\"noopener\">Chambre Valaisanne de Commerce et d&rsquo;Industrie<\/a><span style=\"color: var( --e-global-color-primary ); font-family: var( --e-global-typography-text-font-family ), Sans-serif; font-size: var( --e-global-typography-text-font-size ); font-weight: var( --e-global-typography-text-font-weight );\">.<\/span><\/p>\n<p>Pour ce premier \u00e9v\u00e9nement, nous allons expliquer comment la digitalisation a permis d\u2019am\u00e9liorer la productivit\u00e9 et les processus de l&rsquo;entreprise de transports <a href=\"https:\/\/info.theark.ch\/t\/d-i-enmut-l-h\/\" target=\"_blank\" rel=\"noopener\">Moret Fr\u00e8res SA<\/a>.&nbsp;Cette derni\u00e8re a utilis\u00e9 la solution de la PME valaisanne <a href=\"https:\/\/info.theark.ch\/t\/d-i-enmut-l-u\/\" target=\"_blank\" rel=\"noopener\">proxymetee<\/a> pour am\u00e9liorer sa gestion au quotidien et digitaliser ses bons de transport.<\/p>\n<p><strong>Au programme :<\/strong><\/p>\n<ul>\n<li><strong>16h00:&nbsp; <\/strong>Accueil et mot de bienvenue<\/li>\n<li><strong>16h10:&nbsp;<\/strong>Pr\u00e9sentation de la solution digitale de proxymetee par <a href=\"https:\/\/info.theark.ch\/t\/d-i-enmut-l-o\/\" target=\"_blank\" rel=\"noopener\">Pierrick Maret<\/a>, son co-fondateur. Puis \u00e9changes sur la digitalisation avec la participation de <a href=\"https:\/\/info.theark.ch\/t\/d-i-enmut-l-b\/\" target=\"_blank\" rel=\"noopener\">Fr\u00e9d\u00e9ric Moret<\/a> de Moret Fr\u00e8res SA Transports ainsi que <a href=\"https:\/\/info.theark.ch\/t\/d-i-enmut-l-n\/\" target=\"_blank\" rel=\"noopener\">Bertrand Fournier<\/a> de la Fondation The Ark.<\/li>\n<li><strong>16h50: <\/strong>Questions et r\u00e9ponses avec l\u2019audience<\/li>\n<li><strong>D\u00e8s 17h00:&nbsp;<\/strong>Ap\u00e9ritif &amp; Networking<\/li>\n<\/ul>\n<div><strong>L<\/strong><b>ieu : <\/b><\/div>\n<ul>\n<li>Salle Atlas, Swiss Digital Center, Sierre<\/li>\n<\/ul>\n<p><span style=\"color: var( --e-global-color-primary ); font-family: var( --e-global-typography-text-font-family ), Sans-serif; font-size: var( --e-global-typography-text-font-size ); font-weight: var( --e-global-typography-text-font-weight );\" data-contrast=\"none\">Vous avez, vous aussi, envie de digitaliser une partie des activit\u00e9s de votre PME ? N\u2019h\u00e9sitez pas \u00e0 vous inscrire \u00e0 cet \u00e9v\u00e8nement, qui vous permettra de b\u00e9n\u00e9ficier de retours d\u2019exp\u00e9riences utiles, de solutions concr\u00e8tes mais aussi de b\u00e9n\u00e9ficier d\u2019un r\u00e9seautage int\u00e9ressant.<\/span><span style=\"color: var( --e-global-color-primary ); font-family: var( --e-global-typography-text-font-family ), Sans-serif; font-size: var( --e-global-typography-text-font-size ); font-weight: var( --e-global-typography-text-font-weight );\" data-ccp-props=\"{&quot;201341983&quot;:0,&quot;335557856&quot;:16711422,&quot;335559738&quot;:300,&quot;335559739&quot;:0,&quot;335559740&quot;:240}\">&nbsp;Plus de d\u00e9tails sur la&nbsp;<a href=\"https:\/\/swissdigitalcenter.ch\/digital-series-digitalisation-dans-les-pme-exemples-concrets-et-retours-dexperiences\/\" target=\"_blank\" rel=\"noopener\">page d\u00e9di\u00e9e<\/a>.<\/span><\/p>\n<p><span style=\"color: var( --e-global-color-primary ); font-family: var( --e-global-typography-text-font-family ), Sans-serif; font-size: var( --e-global-typography-text-font-size ); font-weight: var( --e-global-typography-text-font-weight );\" data-ccp-props=\"{&quot;201341983&quot;:0,&quot;335557856&quot;:16711422,&quot;335559738&quot;:300,&quot;335559739&quot;:0,&quot;335559740&quot;:240}\">La participation \u00e0 cet \u00e9v\u00e8nement est gratuite. Les inscriptions sont n\u00e9anmoins obligatoires au moyen du formulaire ci-dessous :&nbsp; &nbsp;<br><\/span><\/p>\t\t\t\t\t\t\t\t<\/div>\n\t\t\t\t<\/div>\n\t\t\t\t\t<\/div>\n\t\t<\/div>\n\t\t\t\t\t<\/div>\n\t\t<\/section>\n\t\t\t\t<section class=\"elementor-section elementor-top-section elementor-element elementor-element-7f402b5 elementor-section-boxed elementor-section-height-default elementor-section-height-default\" data-id=\"7f402b5\" data-element_type=\"section\" data-e-type=\"section\">\n\t\t\t\t\t\t<div class=\"elementor-container elementor-column-gap-default\">\n\t\t\t\t\t<div class=\"elementor-column elementor-col-100 elementor-top-column elementor-element elementor-element-7ad61ce\" data-id=\"7ad61ce\" data-element_type=\"column\" data-e-type=\"column\">\n\t\t\t<div class=\"elementor-widget-wrap elementor-element-populated\">\n\t\t\t\t\t\t<div class=\"elementor-element elementor-element-f922d3d elementor-align-center elementor-widget elementor-widget-button\" data-id=\"f922d3d\" data-element_type=\"widget\" data-e-type=\"widget\" data-widget_type=\"button.default\">\n\t\t\t\t<div class=\"elementor-widget-container\">\n\t\t\t\t\t\t\t\t\t<div class=\"elementor-button-wrapper\">\n\t\t\t\t\t<a class=\"elementor-button elementor-button-link elementor-size-sm\" href=\"https:\/\/swissdigitalcenter.ch\/inscription-digital-series\/\" target=\"_blank\">\n\t\t\t\t\t\t<span class=\"elementor-button-content-wrapper\">\n\t\t\t\t\t\t\t\t\t<span class=\"elementor-button-text\">Inscriptions<\/span>\n\t\t\t\t\t<\/span>\n\t\t\t\t\t<\/a>\n\t\t\t\t<\/div>\n\t\t\t\t\t\t\t\t<\/div>\n\t\t\t\t<\/div>\n\t\t\t\t<div class=\"elementor-element elementor-element-43f4bca elementor-widget elementor-widget-spacer\" data-id=\"43f4bca\" data-element_type=\"widget\" data-e-type=\"widget\" data-widget_type=\"spacer.default\">\n\t\t\t\t<div class=\"elementor-widget-container\">\n\t\t\t\t\t\t\t<div class=\"elementor-spacer\">\n\t\t\t<div class=\"elementor-spacer-inner\"><\/div>\n\t\t<\/div>\n\t\t\t\t\t\t<\/div>\n\t\t\t\t<\/div>\n\t\t\t\t\t<\/div>\n\t\t<\/div>\n\t\t\t\t\t<\/div>\n\t\t<\/section>\n\t\t\t\t<section class=\"elementor-section elementor-top-section elementor-element elementor-element-a7305fa elementor-section-boxed elementor-section-height-default elementor-section-height-default\" data-id=\"a7305fa\" data-element_type=\"section\" data-e-type=\"section\">\n\t\t\t\t\t\t<div class=\"elementor-container elementor-column-gap-default\">\n\t\t\t\t\t<div class=\"elementor-column elementor-col-100 elementor-top-column elementor-element elementor-element-61132e4\" data-id=\"61132e4\" data-element_type=\"column\" data-e-type=\"column\">\n\t\t\t<div class=\"elementor-widget-wrap elementor-element-populated\">\n\t\t\t\t\t\t<div class=\"elementor-element elementor-element-4304604 elementor-widget elementor-widget-image\" data-id=\"4304604\" data-element_type=\"widget\" data-e-type=\"widget\" data-widget_type=\"image.default\">\n\t\t\t\t<div class=\"elementor-widget-container\">\n\t\t\t\t\t\t\t\t\t\t\t\t\t\t\t\t<a href=\"https:\/\/swissdigitalcenter.ch\/digital-series-digitalisation-dans-les-pme-exemples-concrets-et-retours-dexperiences\/\" target=\"_blank\">\n\t\t\t\t\t\t\t<img fetchpriority=\"high\" decoding=\"async\" width=\"768\" height=\"433\" src=\"https:\/\/swissdigitalcenter.ch\/wp-content\/uploads\/2024\/02\/MEL-Digital-Series-1-768x433.jpg\" class=\"attachment-medium_large size-medium_large wp-image-10890\" alt=\"\" srcset=\"https:\/\/swissdigitalcenter.ch\/wp-content\/uploads\/2024\/02\/MEL-Digital-Series-1-768x433.jpg 768w, https:\/\/swissdigitalcenter.ch\/wp-content\/uploads\/2024\/02\/MEL-Digital-Series-1-300x169.jpg 300w, https:\/\/swissdigitalcenter.ch\/wp-content\/uploads\/2024\/02\/MEL-Digital-Series-1-1024x577.jpg 1024w, https:\/\/swissdigitalcenter.ch\/wp-content\/uploads\/2024\/02\/MEL-Digital-Series-1-1536x865.jpg 1536w, https:\/\/swissdigitalcenter.ch\/wp-content\/uploads\/2024\/02\/MEL-Digital-Series-1.jpg 1640w\" sizes=\"(max-width: 768px) 100vw, 768px\" \/>\t\t\t\t\t\t\t\t<\/a>\n\t\t\t\t\t\t\t\t\t\t\t\t\t\t\t<\/div>\n\t\t\t\t<\/div>\n\t\t\t\t\t<\/div>\n\t\t<\/div>\n\t\t\t\t\t<\/div>\n\t\t<\/section>\n\t\t\t\t<\/div>\n\t\t","protected":false},"excerpt":{"rendered":"<p>Participez \u00e0 la premi\u00e8re \u00ab&nbsp;Digital Series&nbsp;\u00bb le mercredi 27 mars prochain organis\u00e9 par le&nbsp;Swiss Digital Center, la Fondation The Ark&nbsp;et leur partenaire la Chambre Valaisanne de Commerce et d&rsquo;Industrie. Pour ce premier \u00e9v\u00e9nement, nous allons expliquer comment la digitalisation a permis d\u2019am\u00e9liorer la productivit\u00e9 et les processus de l&rsquo;entreprise de transports Moret Fr\u00e8res SA.&nbsp;Cette derni\u00e8re [&hellip;]<\/p>\n","protected":false},"author":13,"featured_media":11098,"comment_status":"closed","ping_status":"closed","sticky":false,"template":"","format":"standard","meta":{"_acf_changed":false,"footnotes":""},"categories":[1],"tags":[],"class_list":["post-11067","post","type-post","status-publish","format-standard","has-post-thumbnail","hentry","category-news"],"acf":[],"yoast_head":"<!-- This site is optimized with the Yoast SEO plugin v27.5 - https:\/\/yoast.com\/product\/yoast-seo-wordpress\/ -->\n<title>Premi\u00e8re \u00e9dition des Digital Series - 27 mars 2024 &#8211; Swiss Digital Center<\/title>\n<meta name=\"description\" content=\"Premi\u00e8re \u00e9dition des Digital Series - 27 mars 2024 : Digitalisation dans les PME : exemples concrets et retours d\u2019exp\u00e9riences\" \/>\n<meta name=\"robots\" content=\"index, follow, max-snippet:-1, max-image-preview:large, max-video-preview:-1\" \/>\n<link rel=\"canonical\" href=\"https:\/\/swissdigitalcenter.ch\/fr\/news\/premiere-edition-des-digital-series-27-mars-2024\/\" \/>\n<meta property=\"og:locale\" content=\"fr_FR\" \/>\n<meta property=\"og:type\" content=\"article\" \/>\n<meta property=\"og:title\" content=\"Premi\u00e8re \u00e9dition des Digital Series - 27 mars 2024 &#8211; Swiss Digital Center\" \/>\n<meta property=\"og:description\" content=\"Premi\u00e8re \u00e9dition des Digital Series - 27 mars 2024 : Digitalisation dans les PME : exemples concrets et retours d\u2019exp\u00e9riences\" \/>\n<meta property=\"og:url\" content=\"https:\/\/swissdigitalcenter.ch\/fr\/news\/premiere-edition-des-digital-series-27-mars-2024\/\" \/>\n<meta property=\"og:site_name\" content=\"Swiss Digital Center\" \/>\n<meta property=\"article:publisher\" content=\"https:\/\/www.facebook.com\/TechnoPoleDeSierre\" \/>\n<meta property=\"article:published_time\" content=\"2024-02-28T07:59:56+00:00\" \/>\n<meta property=\"article:modified_time\" content=\"2024-02-28T16:50:30+00:00\" \/>\n<meta property=\"og:image\" content=\"https:\/\/swissdigitalcenter.ch\/wp-content\/uploads\/2024\/02\/MEL-Digital-Series-9-e1709107615577.jpg\" \/>\n\t<meta property=\"og:image:width\" content=\"1593\" \/>\n\t<meta property=\"og:image:height\" content=\"852\" \/>\n\t<meta property=\"og:image:type\" content=\"image\/jpeg\" \/>\n<meta name=\"author\" content=\"swissdigitalcenter\" \/>\n<meta name=\"twitter:card\" content=\"summary_large_image\" \/>\n<meta name=\"twitter:creator\" content=\"@tpolesierre\" \/>\n<meta name=\"twitter:site\" content=\"@tpolesierre\" \/>\n<meta name=\"twitter:label1\" content=\"\u00c9crit par\" \/>\n\t<meta name=\"twitter:data1\" content=\"swissdigitalcenter\" \/>\n\t<meta name=\"twitter:label2\" content=\"Dur\u00e9e de lecture estim\u00e9e\" \/>\n\t<meta name=\"twitter:data2\" content=\"2 minutes\" \/>\n<script type=\"application\/ld+json\" class=\"yoast-schema-graph\">{\"@context\":\"https:\\\/\\\/schema.org\",\"@graph\":[{\"@type\":[\"Article\",\"BlogPosting\"],\"@id\":\"https:\\\/\\\/swissdigitalcenter.ch\\\/fr\\\/news\\\/premiere-edition-des-digital-series-27-mars-2024\\\/#article\",\"isPartOf\":{\"@id\":\"https:\\\/\\\/swissdigitalcenter.ch\\\/fr\\\/news\\\/premiere-edition-des-digital-series-27-mars-2024\\\/\"},\"author\":{\"name\":\"swissdigitalcenter\",\"@id\":\"https:\\\/\\\/swissdigitalcenter.ch\\\/fr\\\/#\\\/schema\\\/person\\\/549d5749319458b83509064648b2242e\"},\"headline\":\"Premi\u00e8re \u00e9dition des Digital Series &#8211; 27 mars 2024\",\"datePublished\":\"2024-02-28T07:59:56+00:00\",\"dateModified\":\"2024-02-28T16:50:30+00:00\",\"mainEntityOfPage\":{\"@id\":\"https:\\\/\\\/swissdigitalcenter.ch\\\/fr\\\/news\\\/premiere-edition-des-digital-series-27-mars-2024\\\/\"},\"wordCount\":261,\"publisher\":{\"@id\":\"https:\\\/\\\/swissdigitalcenter.ch\\\/fr\\\/#organization\"},\"image\":{\"@id\":\"https:\\\/\\\/swissdigitalcenter.ch\\\/fr\\\/news\\\/premiere-edition-des-digital-series-27-mars-2024\\\/#primaryimage\"},\"thumbnailUrl\":\"https:\\\/\\\/swissdigitalcenter.ch\\\/wp-content\\\/uploads\\\/2024\\\/02\\\/MEL-Digital-Series-9-e1709107615577.jpg\",\"articleSection\":[\"News\"],\"inLanguage\":\"fr-FR\"},{\"@type\":\"WebPage\",\"@id\":\"https:\\\/\\\/swissdigitalcenter.ch\\\/fr\\\/news\\\/premiere-edition-des-digital-series-27-mars-2024\\\/\",\"url\":\"https:\\\/\\\/swissdigitalcenter.ch\\\/fr\\\/news\\\/premiere-edition-des-digital-series-27-mars-2024\\\/\",\"name\":\"Premi\u00e8re \u00e9dition des Digital Series - 27 mars 2024 &#8211; Swiss Digital Center\",\"isPartOf\":{\"@id\":\"https:\\\/\\\/swissdigitalcenter.ch\\\/fr\\\/#website\"},\"primaryImageOfPage\":{\"@id\":\"https:\\\/\\\/swissdigitalcenter.ch\\\/fr\\\/news\\\/premiere-edition-des-digital-series-27-mars-2024\\\/#primaryimage\"},\"image\":{\"@id\":\"https:\\\/\\\/swissdigitalcenter.ch\\\/fr\\\/news\\\/premiere-edition-des-digital-series-27-mars-2024\\\/#primaryimage\"},\"thumbnailUrl\":\"https:\\\/\\\/swissdigitalcenter.ch\\\/wp-content\\\/uploads\\\/2024\\\/02\\\/MEL-Digital-Series-9-e1709107615577.jpg\",\"datePublished\":\"2024-02-28T07:59:56+00:00\",\"dateModified\":\"2024-02-28T16:50:30+00:00\",\"description\":\"Premi\u00e8re \u00e9dition des Digital Series - 27 mars 2024 : Digitalisation dans les PME : exemples concrets et retours d\u2019exp\u00e9riences\",\"breadcrumb\":{\"@id\":\"https:\\\/\\\/swissdigitalcenter.ch\\\/fr\\\/news\\\/premiere-edition-des-digital-series-27-mars-2024\\\/#breadcrumb\"},\"inLanguage\":\"fr-FR\",\"potentialAction\":[{\"@type\":\"ReadAction\",\"target\":[\"https:\\\/\\\/swissdigitalcenter.ch\\\/fr\\\/news\\\/premiere-edition-des-digital-series-27-mars-2024\\\/\"]}]},{\"@type\":\"ImageObject\",\"inLanguage\":\"fr-FR\",\"@id\":\"https:\\\/\\\/swissdigitalcenter.ch\\\/fr\\\/news\\\/premiere-edition-des-digital-series-27-mars-2024\\\/#primaryimage\",\"url\":\"https:\\\/\\\/swissdigitalcenter.ch\\\/wp-content\\\/uploads\\\/2024\\\/02\\\/MEL-Digital-Series-9-e1709107615577.jpg\",\"contentUrl\":\"https:\\\/\\\/swissdigitalcenter.ch\\\/wp-content\\\/uploads\\\/2024\\\/02\\\/MEL-Digital-Series-9-e1709107615577.jpg\",\"width\":1593,\"height\":852},{\"@type\":\"BreadcrumbList\",\"@id\":\"https:\\\/\\\/swissdigitalcenter.ch\\\/fr\\\/news\\\/premiere-edition-des-digital-series-27-mars-2024\\\/#breadcrumb\",\"itemListElement\":[{\"@type\":\"ListItem\",\"position\":1,\"name\":\"Home\",\"item\":\"https:\\\/\\\/swissdigitalcenter.ch\\\/fr\\\/\"},{\"@type\":\"ListItem\",\"position\":2,\"name\":\"News\",\"item\":\"https:\\\/\\\/swissdigitalcenter.ch\\\/fr\\\/category\\\/news\\\/\"},{\"@type\":\"ListItem\",\"position\":3,\"name\":\"Premi\u00e8re \u00e9dition des Digital Series &#8211; 27 mars 2024\"}]},{\"@type\":\"WebSite\",\"@id\":\"https:\\\/\\\/swissdigitalcenter.ch\\\/fr\\\/#website\",\"url\":\"https:\\\/\\\/swissdigitalcenter.ch\\\/fr\\\/\",\"name\":\"Swiss Digital Center\",\"description\":\"La digitalisation au c\u0153ur des Alpes\",\"publisher\":{\"@id\":\"https:\\\/\\\/swissdigitalcenter.ch\\\/fr\\\/#organization\"},\"potentialAction\":[{\"@type\":\"SearchAction\",\"target\":{\"@type\":\"EntryPoint\",\"urlTemplate\":\"https:\\\/\\\/swissdigitalcenter.ch\\\/fr\\\/?s={search_term_string}\"},\"query-input\":{\"@type\":\"PropertyValueSpecification\",\"valueRequired\":true,\"valueName\":\"search_term_string\"}}],\"inLanguage\":\"fr-FR\"},{\"@type\":\"Organization\",\"@id\":\"https:\\\/\\\/swissdigitalcenter.ch\\\/fr\\\/#organization\",\"name\":\"Swiss Digital Center\",\"url\":\"https:\\\/\\\/swissdigitalcenter.ch\\\/fr\\\/\",\"logo\":{\"@type\":\"ImageObject\",\"inLanguage\":\"fr-FR\",\"@id\":\"https:\\\/\\\/swissdigitalcenter.ch\\\/fr\\\/#\\\/schema\\\/logo\\\/image\\\/\",\"url\":\"https:\\\/\\\/swissdigitalcenter.ch\\\/wp-content\\\/uploads\\\/2020\\\/07\\\/favicon-1.png\",\"contentUrl\":\"https:\\\/\\\/swissdigitalcenter.ch\\\/wp-content\\\/uploads\\\/2020\\\/07\\\/favicon-1.png\",\"width\":512,\"height\":512,\"caption\":\"Swiss Digital Center\"},\"image\":{\"@id\":\"https:\\\/\\\/swissdigitalcenter.ch\\\/fr\\\/#\\\/schema\\\/logo\\\/image\\\/\"},\"sameAs\":[\"https:\\\/\\\/www.facebook.com\\\/TechnoPoleDeSierre\",\"https:\\\/\\\/x.com\\\/tpolesierre\"]},{\"@type\":\"Person\",\"@id\":\"https:\\\/\\\/swissdigitalcenter.ch\\\/fr\\\/#\\\/schema\\\/person\\\/549d5749319458b83509064648b2242e\",\"name\":\"swissdigitalcenter\",\"image\":{\"@type\":\"ImageObject\",\"inLanguage\":\"fr-FR\",\"@id\":\"https:\\\/\\\/secure.gravatar.com\\\/avatar\\\/4791eafe5719edf526191026a6a109efc968e1027c74dab1dc097206cecde43e?s=96&d=mm&r=g\",\"url\":\"https:\\\/\\\/secure.gravatar.com\\\/avatar\\\/4791eafe5719edf526191026a6a109efc968e1027c74dab1dc097206cecde43e?s=96&d=mm&r=g\",\"contentUrl\":\"https:\\\/\\\/secure.gravatar.com\\\/avatar\\\/4791eafe5719edf526191026a6a109efc968e1027c74dab1dc097206cecde43e?s=96&d=mm&r=g\",\"caption\":\"swissdigitalcenter\"}}]}<\/script>\n<!-- \/ Yoast SEO plugin. -->","yoast_head_json":{"title":"Premi\u00e8re \u00e9dition des Digital Series - 27 mars 2024 &#8211; Swiss Digital Center","description":"Premi\u00e8re \u00e9dition des Digital Series - 27 mars 2024 : Digitalisation dans les PME : exemples concrets et retours d\u2019exp\u00e9riences","robots":{"index":"index","follow":"follow","max-snippet":"max-snippet:-1","max-image-preview":"max-image-preview:large","max-video-preview":"max-video-preview:-1"},"canonical":"https:\/\/swissdigitalcenter.ch\/fr\/news\/premiere-edition-des-digital-series-27-mars-2024\/","og_locale":"fr_FR","og_type":"article","og_title":"Premi\u00e8re \u00e9dition des Digital Series - 27 mars 2024 &#8211; Swiss Digital Center","og_description":"Premi\u00e8re \u00e9dition des Digital Series - 27 mars 2024 : Digitalisation dans les PME : exemples concrets et retours d\u2019exp\u00e9riences","og_url":"https:\/\/swissdigitalcenter.ch\/fr\/news\/premiere-edition-des-digital-series-27-mars-2024\/","og_site_name":"Swiss Digital Center","article_publisher":"https:\/\/www.facebook.com\/TechnoPoleDeSierre","article_published_time":"2024-02-28T07:59:56+00:00","article_modified_time":"2024-02-28T16:50:30+00:00","og_image":[{"width":1593,"height":852,"url":"https:\/\/swissdigitalcenter.ch\/wp-content\/uploads\/2024\/02\/MEL-Digital-Series-9-e1709107615577.jpg","type":"image\/jpeg"}],"author":"swissdigitalcenter","twitter_card":"summary_large_image","twitter_creator":"@tpolesierre","twitter_site":"@tpolesierre","twitter_misc":{"\u00c9crit par":"swissdigitalcenter","Dur\u00e9e de lecture estim\u00e9e":"2 minutes"},"schema":{"@context":"https:\/\/schema.org","@graph":[{"@type":["Article","BlogPosting"],"@id":"https:\/\/swissdigitalcenter.ch\/fr\/news\/premiere-edition-des-digital-series-27-mars-2024\/#article","isPartOf":{"@id":"https:\/\/swissdigitalcenter.ch\/fr\/news\/premiere-edition-des-digital-series-27-mars-2024\/"},"author":{"name":"swissdigitalcenter","@id":"https:\/\/swissdigitalcenter.ch\/fr\/#\/schema\/person\/549d5749319458b83509064648b2242e"},"headline":"Premi\u00e8re \u00e9dition des Digital Series &#8211; 27 mars 2024","datePublished":"2024-02-28T07:59:56+00:00","dateModified":"2024-02-28T16:50:30+00:00","mainEntityOfPage":{"@id":"https:\/\/swissdigitalcenter.ch\/fr\/news\/premiere-edition-des-digital-series-27-mars-2024\/"},"wordCount":261,"publisher":{"@id":"https:\/\/swissdigitalcenter.ch\/fr\/#organization"},"image":{"@id":"https:\/\/swissdigitalcenter.ch\/fr\/news\/premiere-edition-des-digital-series-27-mars-2024\/#primaryimage"},"thumbnailUrl":"https:\/\/swissdigitalcenter.ch\/wp-content\/uploads\/2024\/02\/MEL-Digital-Series-9-e1709107615577.jpg","articleSection":["News"],"inLanguage":"fr-FR"},{"@type":"WebPage","@id":"https:\/\/swissdigitalcenter.ch\/fr\/news\/premiere-edition-des-digital-series-27-mars-2024\/","url":"https:\/\/swissdigitalcenter.ch\/fr\/news\/premiere-edition-des-digital-series-27-mars-2024\/","name":"Premi\u00e8re \u00e9dition des Digital Series - 27 mars 2024 &#8211; Swiss Digital Center","isPartOf":{"@id":"https:\/\/swissdigitalcenter.ch\/fr\/#website"},"primaryImageOfPage":{"@id":"https:\/\/swissdigitalcenter.ch\/fr\/news\/premiere-edition-des-digital-series-27-mars-2024\/#primaryimage"},"image":{"@id":"https:\/\/swissdigitalcenter.ch\/fr\/news\/premiere-edition-des-digital-series-27-mars-2024\/#primaryimage"},"thumbnailUrl":"https:\/\/swissdigitalcenter.ch\/wp-content\/uploads\/2024\/02\/MEL-Digital-Series-9-e1709107615577.jpg","datePublished":"2024-02-28T07:59:56+00:00","dateModified":"2024-02-28T16:50:30+00:00","description":"Premi\u00e8re \u00e9dition des Digital Series - 27 mars 2024 : Digitalisation dans les PME : exemples concrets et retours d\u2019exp\u00e9riences","breadcrumb":{"@id":"https:\/\/swissdigitalcenter.ch\/fr\/news\/premiere-edition-des-digital-series-27-mars-2024\/#breadcrumb"},"inLanguage":"fr-FR","potentialAction":[{"@type":"ReadAction","target":["https:\/\/swissdigitalcenter.ch\/fr\/news\/premiere-edition-des-digital-series-27-mars-2024\/"]}]},{"@type":"ImageObject","inLanguage":"fr-FR","@id":"https:\/\/swissdigitalcenter.ch\/fr\/news\/premiere-edition-des-digital-series-27-mars-2024\/#primaryimage","url":"https:\/\/swissdigitalcenter.ch\/wp-content\/uploads\/2024\/02\/MEL-Digital-Series-9-e1709107615577.jpg","contentUrl":"https:\/\/swissdigitalcenter.ch\/wp-content\/uploads\/2024\/02\/MEL-Digital-Series-9-e1709107615577.jpg","width":1593,"height":852},{"@type":"BreadcrumbList","@id":"https:\/\/swissdigitalcenter.ch\/fr\/news\/premiere-edition-des-digital-series-27-mars-2024\/#breadcrumb","itemListElement":[{"@type":"ListItem","position":1,"name":"Home","item":"https:\/\/swissdigitalcenter.ch\/fr\/"},{"@type":"ListItem","position":2,"name":"News","item":"https:\/\/swissdigitalcenter.ch\/fr\/category\/news\/"},{"@type":"ListItem","position":3,"name":"Premi\u00e8re \u00e9dition des Digital Series &#8211; 27 mars 2024"}]},{"@type":"WebSite","@id":"https:\/\/swissdigitalcenter.ch\/fr\/#website","url":"https:\/\/swissdigitalcenter.ch\/fr\/","name":"Swiss Digital Center","description":"La digitalisation au c\u0153ur des Alpes","publisher":{"@id":"https:\/\/swissdigitalcenter.ch\/fr\/#organization"},"potentialAction":[{"@type":"SearchAction","target":{"@type":"EntryPoint","urlTemplate":"https:\/\/swissdigitalcenter.ch\/fr\/?s={search_term_string}"},"query-input":{"@type":"PropertyValueSpecification","valueRequired":true,"valueName":"search_term_string"}}],"inLanguage":"fr-FR"},{"@type":"Organization","@id":"https:\/\/swissdigitalcenter.ch\/fr\/#organization","name":"Swiss Digital Center","url":"https:\/\/swissdigitalcenter.ch\/fr\/","logo":{"@type":"ImageObject","inLanguage":"fr-FR","@id":"https:\/\/swissdigitalcenter.ch\/fr\/#\/schema\/logo\/image\/","url":"https:\/\/swissdigitalcenter.ch\/wp-content\/uploads\/2020\/07\/favicon-1.png","contentUrl":"https:\/\/swissdigitalcenter.ch\/wp-content\/uploads\/2020\/07\/favicon-1.png","width":512,"height":512,"caption":"Swiss Digital Center"},"image":{"@id":"https:\/\/swissdigitalcenter.ch\/fr\/#\/schema\/logo\/image\/"},"sameAs":["https:\/\/www.facebook.com\/TechnoPoleDeSierre","https:\/\/x.com\/tpolesierre"]},{"@type":"Person","@id":"https:\/\/swissdigitalcenter.ch\/fr\/#\/schema\/person\/549d5749319458b83509064648b2242e","name":"swissdigitalcenter","image":{"@type":"ImageObject","inLanguage":"fr-FR","@id":"https:\/\/secure.gravatar.com\/avatar\/4791eafe5719edf526191026a6a109efc968e1027c74dab1dc097206cecde43e?s=96&d=mm&r=g","url":"https:\/\/secure.gravatar.com\/avatar\/4791eafe5719edf526191026a6a109efc968e1027c74dab1dc097206cecde43e?s=96&d=mm&r=g","contentUrl":"https:\/\/secure.gravatar.com\/avatar\/4791eafe5719edf526191026a6a109efc968e1027c74dab1dc097206cecde43e?s=96&d=mm&r=g","caption":"swissdigitalcenter"}}]}},"_links":{"self":[{"href":"https:\/\/swissdigitalcenter.ch\/fr\/wp-json\/wp\/v2\/posts\/11067","targetHints":{"allow":["GET"]}}],"collection":[{"href":"https:\/\/swissdigitalcenter.ch\/fr\/wp-json\/wp\/v2\/posts"}],"about":[{"href":"https:\/\/swissdigitalcenter.ch\/fr\/wp-json\/wp\/v2\/types\/post"}],"author":[{"embeddable":true,"href":"https:\/\/swissdigitalcenter.ch\/fr\/wp-json\/wp\/v2\/users\/13"}],"replies":[{"embeddable":true,"href":"https:\/\/swissdigitalcenter.ch\/fr\/wp-json\/wp\/v2\/comments?post=11067"}],"version-history":[{"count":46,"href":"https:\/\/swissdigitalcenter.ch\/fr\/wp-json\/wp\/v2\/posts\/11067\/revisions"}],"predecessor-version":[{"id":11233,"href":"https:\/\/swissdigitalcenter.ch\/fr\/wp-json\/wp\/v2\/posts\/11067\/revisions\/11233"}],"wp:featuredmedia":[{"embeddable":true,"href":"https:\/\/swissdigitalcenter.ch\/fr\/wp-json\/wp\/v2\/media\/11098"}],"wp:attachment":[{"href":"https:\/\/swissdigitalcenter.ch\/fr\/wp-json\/wp\/v2\/media?parent=11067"}],"wp:term":[{"taxonomy":"category","embeddable":true,"href":"https:\/\/swissdigitalcenter.ch\/fr\/wp-json\/wp\/v2\/categories?post=11067"},{"taxonomy":"post_tag","embeddable":true,"href":"https:\/\/swissdigitalcenter.ch\/fr\/wp-json\/wp\/v2\/tags?post=11067"}],"curies":[{"name":"wp","href":"https:\/\/api.w.org\/{rel}","templated":true}]}}